{"id":8555,"date":"2025-07-24T13:37:00","date_gmt":"2025-07-24T13:37:00","guid":{"rendered":"https:\/\/lumteh.md\/?p=8555"},"modified":"2025-07-28T09:40:02","modified_gmt":"2025-07-28T09:40:02","slug":"semafoare-pietonale-noi-pentru-o-traversare-mai-sigura-pe-calea-iesilor-2","status":"publish","type":"post","link":"https:\/\/lumteh.md\/?p=8555","title":{"rendered":"Semafoare pietonale noi pentru o traversare mai sigur\u0103 pe Calea Ie\u0219ilor"},"content":{"rendered":"\n<p>Pentru sporirea siguran\u021bei circula\u021biei \u00een una dintre cele mai aglomerate zone ale municipiului Chi\u0219in\u0103u, \u00ce.M. REI \u201eLumteh\u201d a instalat recent dou\u0103 semafoare pietonale la intersec\u021bia str\u0103zii Calea Ie\u0219ilor cu str\u0103zile Ghidighici \u0219i Bariera Sculeni.<\/p>\n\n\n\n<p>Interven\u021bia vine ca r\u0103spuns direct la solicit\u0103rile locuitorilor din zon\u0103, care au semnalat dificult\u0103\u021bi \u00een traversarea str\u0103zii din cauza fluxului intens de autovehicule. Noile semafoare, montate pe piloni moderni, sunt dotate cu echipamente performante, care permit reglarea eficient\u0103 a fluxurilor pietonale \u0219i auto, contribuind astfel at\u00e2t la cre\u0219terea gradului de siguran\u021b\u0103 pentru pietoni, c\u00e2t \u0219i la o mai bun\u0103 fluidizare a traficului rutier.<\/p>\n\n\n\n<p>Prin aceast\u0103 ac\u021biune, \u00ce.M. REI \u201eLumteh\u201d \u00ee\u0219i reafirm\u0103 rolul activ \u00een modernizarea infrastructurii de semaforizare a capitalei \u0219i \u00ee\u0219i consolideaz\u0103 angajamentul fa\u021b\u0103 de comunitate, promov\u00e2nd un mediu urban sigur, accesibil \u0219i bine reglementat din punct de vedere al mobilit\u0103\u021bii.<\/p>\n\n\n\n<p><a href=\"https:\/\/lumteh.md\/?p=8549\">Galerie foto<\/a><\/p>\n\n\n\n<p><\/p>\n","protected":false},"excerpt":{"rendered":"<p>Pentru sporirea siguran\u021bei circula\u021biei \u00een una dintre cele mai aglomerate zone ale municipiului Chi\u0219in\u0103u, \u00ce.M. REI \u201eLumteh\u201d a instalat recent dou\u0103 semafoare pietonale la intersec\u021bia str\u0103zii Calea Ie\u0219ilor cu str\u0103zile Ghidighici \u0219i Bariera Sculeni. Interven\u021bia vine ca r\u0103spuns direct la solicit\u0103rile locuitorilor din zon\u0103, care au semnalat dificult\u0103\u021bi \u00een traversarea str\u0103zii din cauza fluxului intens [&hellip;]<\/p>\n","protected":false},"author":1,"featured_media":8550,"comment_status":"closed","ping_status":"closed","sticky":false,"template":"","format":"standard","meta":{"footnotes":""},"categories":[71],"tags":[],"class_list":["post-8555","post","type-post","status-publish","format-standard","has-post-thumbnail","hentry","category-comunicate-de-presa"],"_links":{"self":[{"href":"https:\/\/lumteh.md\/index.php?rest_route=\/wp\/v2\/posts\/8555","targetHints":{"allow":["GET"]}}],"collection":[{"href":"https:\/\/lumteh.md\/index.php?rest_route=\/wp\/v2\/posts"}],"about":[{"href":"https:\/\/lumteh.md\/index.php?rest_route=\/wp\/v2\/types\/post"}],"author":[{"embeddable":true,"href":"https:\/\/lumteh.md\/index.php?rest_route=\/wp\/v2\/users\/1"}],"replies":[{"embeddable":true,"href":"https:\/\/lumteh.md\/index.php?rest_route=%2Fwp%2Fv2%2Fcomments&post=8555"}],"version-history":[{"count":1,"href":"https:\/\/lumteh.md\/index.php?rest_route=\/wp\/v2\/posts\/8555\/revisions"}],"predecessor-version":[{"id":8556,"href":"https:\/\/lumteh.md\/index.php?rest_route=\/wp\/v2\/posts\/8555\/revisions\/8556"}],"wp:featuredmedia":[{"embeddable":true,"href":"https:\/\/lumteh.md\/index.php?rest_route=\/wp\/v2\/media\/8550"}],"wp:attachment":[{"href":"https:\/\/lumteh.md\/index.php?rest_route=%2Fwp%2Fv2%2Fmedia&parent=8555"}],"wp:term":[{"taxonomy":"category","embeddable":true,"href":"https:\/\/lumteh.md\/index.php?rest_route=%2Fwp%2Fv2%2Fcategories&post=8555"},{"taxonomy":"post_tag","embeddable":true,"href":"https:\/\/lumteh.md\/index.php?rest_route=%2Fwp%2Fv2%2Ftags&post=8555"}],"curies":[{"name":"wp","href":"https:\/\/api.w.org\/{rel}","templated":true}]}}