{"id":6274,"date":"2024-03-06T16:11:41","date_gmt":"2024-03-06T16:11:41","guid":{"rendered":"https:\/\/lumteh.md\/?p=6274"},"modified":"2024-04-03T10:37:13","modified_gmt":"2024-04-03T10:37:13","slug":"semafoarele-de-pe-strada-31-august-1989-au-fost-activate","status":"publish","type":"post","link":"https:\/\/lumteh.md\/?p=6274","title":{"rendered":"Semafoarele de pe strada 31 August 1989 au fost activate"},"content":{"rendered":"<p>\u00cencep\u00e2nd cu ziua de ast\u0103zi, 6 martie, semafoarele modernizate de pe str. 31 August 1989 func\u021bioneaz\u0103 \u00een regim normal.<\/p>\n<p>De asemenea, \u00een intersec\u021biile cu str\u0103zile Serghei Lazo, B\u0103nulescu-Bodoni, Mihai Eminescu \u0219i Armeneasc\u0103, unde au fost construite obiective noi de semafoare, acestea vor fi func\u021bionale \u00eencep\u00e2nd de m\u00e2ine diminea\u021b\u0103, de la ora 7:00.<\/p>\n<p>\u00cen acest context, \u00eendemn\u0103m participan\u021bii la trafic s\u0103 fie extrem de aten\u021bi c\u00e2nd traverseaz\u0103 aceste intersec\u021bii.<\/p>\n<p>\u00cen total, pe strada 31 August 1989 exist\u0103 7 intersec\u021bii semaforizate. Patru dintre acestea au fost construite \u00een timpul repara\u021biei capitale a str\u0103zii, iar cele preexistente au fost modernizate.<\/p>\n<p>&nbsp;<\/p>\n<p><a href=\"https:\/\/lumteh.md\/?attachment_id=6275\" rel=\"attachment wp-att-6275\"><img fetchpriority=\"high\" decoding=\"async\" class=\"alignnone size-medium wp-image-6275\" src=\"https:\/\/lumteh.md\/wp-content\/uploads\/2024\/04\/417497039_122126779994178732_3454798549317617625_n-225x300.jpg\" alt=\"\" width=\"225\" height=\"300\" \/><\/a> <a href=\"https:\/\/lumteh.md\/?attachment_id=6276\" rel=\"attachment wp-att-6276\"><img decoding=\"async\" class=\"alignnone size-medium wp-image-6276\" src=\"https:\/\/lumteh.md\/wp-content\/uploads\/2024\/04\/417553039_122126779982178732_1207657151379367350_n-212x300.jpg\" alt=\"\" width=\"212\" height=\"300\" srcset=\"https:\/\/lumteh.md\/wp-content\/uploads\/2024\/04\/417553039_122126779982178732_1207657151379367350_n-212x300.jpg 212w, https:\/\/lumteh.md\/wp-content\/uploads\/2024\/04\/417553039_122126779982178732_1207657151379367350_n-423x600.jpg 423w, https:\/\/lumteh.md\/wp-content\/uploads\/2024\/04\/417553039_122126779982178732_1207657151379367350_n-395x560.jpg 395w, https:\/\/lumteh.md\/wp-content\/uploads\/2024\/04\/417553039_122126779982178732_1207657151379367350_n.jpg 720w\" sizes=\"(max-width: 212px) 100vw, 212px\" \/><\/a> <a href=\"https:\/\/lumteh.md\/?attachment_id=6277\" rel=\"attachment wp-att-6277\"><img decoding=\"async\" class=\"alignnone size-medium wp-image-6277\" src=\"https:\/\/lumteh.md\/wp-content\/uploads\/2024\/04\/420405040_122126780042178732_5298054314574034013_n-199x300.jpg\" alt=\"\" width=\"199\" height=\"300\" srcset=\"https:\/\/lumteh.md\/wp-content\/uploads\/2024\/04\/420405040_122126780042178732_5298054314574034013_n-199x300.jpg 199w, https:\/\/lumteh.md\/wp-content\/uploads\/2024\/04\/420405040_122126780042178732_5298054314574034013_n-679x1024.jpg 679w, https:\/\/lumteh.md\/wp-content\/uploads\/2024\/04\/420405040_122126780042178732_5298054314574034013_n-398x600.jpg 398w, https:\/\/lumteh.md\/wp-content\/uploads\/2024\/04\/420405040_122126780042178732_5298054314574034013_n-371x560.jpg 371w, https:\/\/lumteh.md\/wp-content\/uploads\/2024\/04\/420405040_122126780042178732_5298054314574034013_n.jpg 720w\" sizes=\"(max-width: 199px) 100vw, 199px\" \/><\/a><\/p>\n","protected":false},"excerpt":{"rendered":"<p>\u00cencep\u00e2nd cu ziua de ast\u0103zi, 6 martie, semafoarele modernizate de pe str. 31 August 1989 func\u021bioneaz\u0103 \u00een regim normal. De asemenea, \u00een intersec\u021biile cu str\u0103zile Serghei Lazo, B\u0103nulescu-Bodoni, Mihai Eminescu \u0219i Armeneasc\u0103, unde au fost construite obiective noi de semafoare, acestea vor fi func\u021bionale \u00eencep\u00e2nd de m\u00e2ine diminea\u021b\u0103, de la ora 7:00. \u00cen acest context, [&hellip;]<\/p>\n","protected":false},"author":1,"featured_media":6275,"comment_status":"open","ping_status":"closed","sticky":false,"template":"","format":"standard","meta":{"footnotes":""},"categories":[71,72],"tags":[],"class_list":["post-6274","post","type-post","status-publish","format-standard","has-post-thumbnail","hentry","category-comunicate-de-presa","category-galerie-foto"],"_links":{"self":[{"href":"https:\/\/lumteh.md\/index.php?rest_route=\/wp\/v2\/posts\/6274","targetHints":{"allow":["GET"]}}],"collection":[{"href":"https:\/\/lumteh.md\/index.php?rest_route=\/wp\/v2\/posts"}],"about":[{"href":"https:\/\/lumteh.md\/index.php?rest_route=\/wp\/v2\/types\/post"}],"author":[{"embeddable":true,"href":"https:\/\/lumteh.md\/index.php?rest_route=\/wp\/v2\/users\/1"}],"replies":[{"embeddable":true,"href":"https:\/\/lumteh.md\/index.php?rest_route=%2Fwp%2Fv2%2Fcomments&post=6274"}],"version-history":[{"count":1,"href":"https:\/\/lumteh.md\/index.php?rest_route=\/wp\/v2\/posts\/6274\/revisions"}],"predecessor-version":[{"id":6278,"href":"https:\/\/lumteh.md\/index.php?rest_route=\/wp\/v2\/posts\/6274\/revisions\/6278"}],"wp:featuredmedia":[{"embeddable":true,"href":"https:\/\/lumteh.md\/index.php?rest_route=\/wp\/v2\/media\/6275"}],"wp:attachment":[{"href":"https:\/\/lumteh.md\/index.php?rest_route=%2Fwp%2Fv2%2Fmedia&parent=6274"}],"wp:term":[{"taxonomy":"category","embeddable":true,"href":"https:\/\/lumteh.md\/index.php?rest_route=%2Fwp%2Fv2%2Fcategories&post=6274"},{"taxonomy":"post_tag","embeddable":true,"href":"https:\/\/lumteh.md\/index.php?rest_route=%2Fwp%2Fv2%2Ftags&post=6274"}],"curies":[{"name":"wp","href":"https:\/\/api.w.org\/{rel}","templated":true}]}}