{"id":6224,"date":"2024-01-31T08:19:36","date_gmt":"2024-01-31T08:19:36","guid":{"rendered":"https:\/\/lumteh.md\/?p=6224"},"modified":"2024-04-03T10:53:32","modified_gmt":"2024-04-03T10:53:32","slug":"conectarea-iluminatului-public-pe-str-31-august-1989-dupa-lucrarile-reparatie-capitala","status":"publish","type":"post","link":"https:\/\/lumteh.md\/?p=6224","title":{"rendered":"Conectarea iluminatului public pe str. 31 August 1989, dup\u0103 lucr\u0103rile repara\u021bie capital\u0103"},"content":{"rendered":"<p>A fost conectat iluminatul public stradal pe str. 31 August 1989, dup\u0103 lucr\u0103rile repara\u021bie capital\u0103.<\/p>\n<p>Re\u021beaua de iluminat public a fost reabilitat\u0103 integral, \u00een cadrul Pachetului II al Proiectului \u201eReabilitarea str\u0103zilor centrale \u0219i modernizarea iluminatului public al centrului municipiului Chi\u0219in\u0103u\u201d, realizat de Prim\u0103ria Chi\u0219in\u0103u, cu suportul B\u0103ncii Europene de Reconstruc\u021bie \u0219i Dezvoltare (BERD), B\u0103ncii Europene de Investi\u021bii (BEI) \u0219i Fondului Special de Energie Verde al BERD.<\/p>\n<p>&nbsp;<\/p>\n","protected":false},"excerpt":{"rendered":"<p>A fost conectat iluminatul public stradal pe str. 31 August 1989, dup\u0103 lucr\u0103rile repara\u021bie capital\u0103. Re\u021beaua de iluminat public a fost reabilitat\u0103 integral, \u00een cadrul Pachetului II al Proiectului \u201eReabilitarea str\u0103zilor centrale \u0219i modernizarea iluminatului public al centrului municipiului Chi\u0219in\u0103u\u201d, realizat de Prim\u0103ria Chi\u0219in\u0103u, cu suportul B\u0103ncii Europene de Reconstruc\u021bie \u0219i Dezvoltare (BERD), B\u0103ncii Europene [&hellip;]<\/p>\n","protected":false},"author":1,"featured_media":6225,"comment_status":"open","ping_status":"closed","sticky":false,"template":"","format":"standard","meta":{"footnotes":""},"categories":[71,72],"tags":[],"class_list":["post-6224","post","type-post","status-publish","format-standard","has-post-thumbnail","hentry","category-comunicate-de-presa","category-galerie-foto"],"_links":{"self":[{"href":"https:\/\/lumteh.md\/index.php?rest_route=\/wp\/v2\/posts\/6224","targetHints":{"allow":["GET"]}}],"collection":[{"href":"https:\/\/lumteh.md\/index.php?rest_route=\/wp\/v2\/posts"}],"about":[{"href":"https:\/\/lumteh.md\/index.php?rest_route=\/wp\/v2\/types\/post"}],"author":[{"embeddable":true,"href":"https:\/\/lumteh.md\/index.php?rest_route=\/wp\/v2\/users\/1"}],"replies":[{"embeddable":true,"href":"https:\/\/lumteh.md\/index.php?rest_route=%2Fwp%2Fv2%2Fcomments&post=6224"}],"version-history":[{"count":4,"href":"https:\/\/lumteh.md\/index.php?rest_route=\/wp\/v2\/posts\/6224\/revisions"}],"predecessor-version":[{"id":6287,"href":"https:\/\/lumteh.md\/index.php?rest_route=\/wp\/v2\/posts\/6224\/revisions\/6287"}],"wp:featuredmedia":[{"embeddable":true,"href":"https:\/\/lumteh.md\/index.php?rest_route=\/wp\/v2\/media\/6225"}],"wp:attachment":[{"href":"https:\/\/lumteh.md\/index.php?rest_route=%2Fwp%2Fv2%2Fmedia&parent=6224"}],"wp:term":[{"taxonomy":"category","embeddable":true,"href":"https:\/\/lumteh.md\/index.php?rest_route=%2Fwp%2Fv2%2Fcategories&post=6224"},{"taxonomy":"post_tag","embeddable":true,"href":"https:\/\/lumteh.md\/index.php?rest_route=%2Fwp%2Fv2%2Ftags&post=6224"}],"curies":[{"name":"wp","href":"https:\/\/api.w.org\/{rel}","templated":true}]}}