{"id":10073,"date":"2026-09-01T13:07:00","date_gmt":"2026-09-01T13:07:00","guid":{"rendered":"https:\/\/lumteh.md\/?p=10073"},"modified":"2026-09-02T14:08:48","modified_gmt":"2026-09-02T14:08:48","slug":"lucrari-de-intretinere-si-modernizare-a-sistemului-de-iluminat-public-in-perioada-21-26-august-2026-2","status":"publish","type":"post","link":"https:\/\/lumteh.md\/?p=10073","title":{"rendered":"Lucr\u0103ri de \u00eentre\u021binere \u0219i modernizare a sistemului de iluminat public \u00een perioada 21\u201326 august 2026"},"content":{"rendered":"\n<p>\u00cen perioada 21\u201326 august 2026, echipele \u00ce.M. REI \u201eLumteh\u201d au desf\u0103\u0219urat lucr\u0103ri de \u00eentre\u021binere, repara\u021bie \u0219i modernizare a sistemului de iluminat public \u00een municipiul Chi\u0219in\u0103u \u0219i \u00een suburbii. O aten\u021bie deosebit\u0103 a fost acordat\u0103 iluminatului din preajma \u0219colilor \u0219i gr\u0103dini\u021belor, \u00een contextul \u00eenceperii noului an \u0219colar.<\/p>\n\n\n\n<p><strong>Sectorul Botanica:<\/strong> \u00cen zona bd. Decebal \u2013 bd. Dacia \u2013 str. Cuza Vod\u0103 \u2013 str. Sarmizegetusa au fost executate lucr\u0103ri de repara\u021bie a corpurilor de iluminat \u0219i restabilire a conductoarelor.<\/p>\n\n\n\n<p><strong>Sectorul Centru:<\/strong> Pe \u0219os. H\u00eence\u0219ti, \u00een zona unei treceri pietonale, au fost montate \u0219i \u00eentre\u021binute suporturi pentru corpurile de iluminat, iar \u00een preajma \u0219colilor \u0219i gr\u0103dini\u021belor au fost efectuate lucr\u0103ri de repara\u021bie a iluminatului.<\/p>\n\n\n\n<p><strong>Sectorul Buiucani:<\/strong> \u00cen Parcul \u201eGr\u0103dina Public\u0103\u201d, Scuarul Catedralei, Parcul \u201eLa Izvor\u201d \u0219i Parcul \u201eAlunelul\u201d au fost verificate \u0219i \u00eentre\u021binute instala\u021biile de iluminat. \u00cen PMAN au fost \u00eenlocuite surse LED, iar pe str. Alba Iulia \u0219i str. Petru \u0218tef\u0103nuc\u0103 au fost restabilite conductoare. \u00cen preajma institu\u021biilor de \u00eenv\u0103\u021b\u0103m\u00e2nt au fost montate corpuri LED.<\/p>\n\n\n\n<p><strong>Sectorul R\u00ee\u0219cani:<\/strong> Pe str. Putnei, Calea Orheiului \u0219i str. Nicolae Dimo au continuat lucr\u0103rile de modernizare \u0219i \u00eentre\u021binere a re\u021belelor \u0219i corpurilor de iluminat. La trecerile pietonale de pe str. Albi\u0219oara, str. Dimitrie Cantemir, str. Miron Costin \u0219i bd. Moscova au fost \u00eenlocuite corpuri de iluminat. Totodat\u0103, \u00een preajma \u0219colilor \u0219i gr\u0103dini\u021belor au fost efectuate lucr\u0103ri de repara\u021bie \u0219i \u00eentre\u021binere a iluminatului.<\/p>\n\n\n\n<p><strong>Sectorul Ciocana:<\/strong> Pe str. Me\u0219terul Manole au continuat lucr\u0103rile de modernizare prin montarea suporturilor, corpurilor LED \u0219i cablurilor de alimentare, iar \u00een preajma \u0219colilor \u0219i gr\u0103dini\u021belor au fost efectuate lucr\u0103ri de repara\u021bie a corpurilor de iluminat.<\/p>\n\n\n\n<p><strong>Suburbii:<\/strong> \u00cen Vadul lui Vod\u0103, Ghidighici \u0219i Bubuieci au fost efectuate lucr\u0103ri de repara\u021bie \u0219i \u00eenlocuire a corpurilor \u0219i surselor de iluminat, modernizare a re\u021belelor de alimentare, montare a cablurilor, suporturilor \u0219i elementelor de conectare. \u00cen comuna B\u0103cioi au continuat lucr\u0103rile de modernizare a re\u021belei, prin montarea cablurilor, suporturilor \u0219i corpurilor LED, iar \u00een S\u00eengera au fost efectuate interven\u021bii asupra echipamentelor de contorizare.<\/p>\n\n\n\n<p>Lucr\u0103rile de \u00eentre\u021binere \u0219i modernizare continu\u0103 \u00een municipiul Chi\u0219in\u0103u, pentru asigurarea unei infrastructuri de iluminat public sigure \u0219i func\u021bionale.<\/p>\n\n\n\n<p><a href=\"https:\/\/lumteh.md\/?p=10055\">Galerie foto<\/a><\/p>\n\n\n\n<p><\/p>\n","protected":false},"excerpt":{"rendered":"<p>\u00cen perioada 21\u201326 august 2026, echipele \u00ce.M. REI \u201eLumteh\u201d au desf\u0103\u0219urat lucr\u0103ri de \u00eentre\u021binere, repara\u021bie \u0219i modernizare a sistemului de iluminat public \u00een municipiul Chi\u0219in\u0103u \u0219i \u00een suburbii. O aten\u021bie deosebit\u0103 a fost acordat\u0103 iluminatului din preajma \u0219colilor \u0219i gr\u0103dini\u021belor, \u00een contextul \u00eenceperii noului an \u0219colar. Sectorul Botanica: \u00cen zona bd. Decebal \u2013 bd. Dacia [&hellip;]<\/p>\n","protected":false},"author":1,"featured_media":10057,"comment_status":"closed","ping_status":"closed","sticky":false,"template":"","format":"standard","meta":{"footnotes":""},"categories":[71],"tags":[],"class_list":["post-10073","post","type-post","status-publish","format-standard","has-post-thumbnail","hentry","category-comunicate-de-presa"],"_links":{"self":[{"href":"https:\/\/lumteh.md\/index.php?rest_route=\/wp\/v2\/posts\/10073","targetHints":{"allow":["GET"]}}],"collection":[{"href":"https:\/\/lumteh.md\/index.php?rest_route=\/wp\/v2\/posts"}],"about":[{"href":"https:\/\/lumteh.md\/index.php?rest_route=\/wp\/v2\/types\/post"}],"author":[{"embeddable":true,"href":"https:\/\/lumteh.md\/index.php?rest_route=\/wp\/v2\/users\/1"}],"replies":[{"embeddable":true,"href":"https:\/\/lumteh.md\/index.php?rest_route=%2Fwp%2Fv2%2Fcomments&post=10073"}],"version-history":[{"count":1,"href":"https:\/\/lumteh.md\/index.php?rest_route=\/wp\/v2\/posts\/10073\/revisions"}],"predecessor-version":[{"id":10074,"href":"https:\/\/lumteh.md\/index.php?rest_route=\/wp\/v2\/posts\/10073\/revisions\/10074"}],"wp:featuredmedia":[{"embeddable":true,"href":"https:\/\/lumteh.md\/index.php?rest_route=\/wp\/v2\/media\/10057"}],"wp:attachment":[{"href":"https:\/\/lumteh.md\/index.php?rest_route=%2Fwp%2Fv2%2Fmedia&parent=10073"}],"wp:term":[{"taxonomy":"category","embeddable":true,"href":"https:\/\/lumteh.md\/index.php?rest_route=%2Fwp%2Fv2%2Fcategories&post=10073"},{"taxonomy":"post_tag","embeddable":true,"href":"https:\/\/lumteh.md\/index.php?rest_route=%2Fwp%2Fv2%2Ftags&post=10073"}],"curies":[{"name":"wp","href":"https:\/\/api.w.org\/{rel}","templated":true}]}}