{"id":10027,"date":"2026-08-18T13:18:07","date_gmt":"2026-08-18T13:18:07","guid":{"rendered":"https:\/\/lumteh.md\/?p=10027"},"modified":"2026-09-02T13:19:42","modified_gmt":"2026-09-02T13:19:42","slug":"lucrari-de-intretinere-si-modernizare-a-sistemului-de-iluminat-public-in-perioada-7-13-august-2026-2","status":"publish","type":"post","link":"https:\/\/lumteh.md\/?p=10027","title":{"rendered":"Lucr\u0103ri de \u00eentre\u021binere \u0219i modernizare a sistemului de iluminat public \u00een perioada 7\u201313 august 2026"},"content":{"rendered":"\n<p>\u00cen perioada 7\u201313 august 2026, echipele \u00ce.M. REI \u201eLumteh\u201d au desf\u0103\u0219urat lucr\u0103ri de \u00eentre\u021binere, repara\u021bie \u0219i modernizare a sistemului de iluminat public \u00een ora\u0219ul &nbsp;Chi\u0219in\u0103u \u0219i \u00een suburbii.<\/p>\n\n\n\n<p>\u00cen sectorul Botanica, au fost efectuate lucr\u0103ri de modernizare a iluminatului \u00een Parcul \u201eValea Trandafirilor\u201d, pe bd. Dacia \u0219i str. Nicolae Zelinski, precum \u0219i interven\u021bii de \u00eenlocuire \u0219i repara\u021bie a re\u021belelor \u0219i corpurilor de iluminat pe str. Istra.<\/p>\n\n\n\n<p>\u00cen sectorul Centru, au fost executate lucr\u0103ri de \u00eentre\u021binere \u0219i \u00eendreptare a pilonilor pe str. Timi\u0219 \u0219i str. Gheorghe Ca\u0219u, iar pe str. Veronica Micle au continuat lucr\u0103rile de modernizare a re\u021belei \u0219i corpurilor de iluminat. Totodat\u0103, au fost efectuate lucr\u0103ri asupra cablurilor de alimentare pe str. Gheorghe Asachi.<\/p>\n\n\n\n<p>\u00cen sectorul Buiucani, au continuat lucr\u0103rile de amenajare a infrastructurii de iluminat \u00een zona parc\u0103rii din Ghidighici \u0219i \u00een Parcul \u201eBuiucani\u201d, fiind efectuate totodat\u0103 interven\u021bii pe str. Paris \u0219i montate corpuri de iluminat LED pe str. Paris \u0219i str. 27 August.<\/p>\n\n\n\n<p>\u00cen sectorul R\u00ee\u0219cani, au continuat ac\u021biunile de modernizare pe str. Constructorilor \u0219i Calea Orheiului, fiind efectuate interven\u021bii asupra pilonilor, corpurilor de iluminat \u0219i re\u021belelor de alimentare. Lucr\u0103ri de repara\u021bie au fost executate \u0219i pe str. Moldovi\u021ba.<\/p>\n\n\n\n<p>\u00cen sectorul Ciocana, pe str. Me\u0219terul Manole au continuat lucr\u0103rile de modernizare a sistemului de iluminat public, prin montarea suporturilor, corpurilor de iluminat LED \u0219i a cablurilor de alimentare, iar pe str. Mihail Sadoveanu au fost efectuate lucr\u0103ri de repara\u021bie curent\u0103.<\/p>\n\n\n\n<p>\u00cen suburbii, \u00een Vadul lui Vod\u0103 au fost efectuate lucr\u0103ri de montare a pilonilor \u0219i \u00eentre\u021binere a corpurilor de iluminat, iar \u00een Bubuieci, B\u0103cioi \u0219i Bude\u0219ti au fost realizate interven\u021bii de repara\u021bie \u0219i \u00eenlocuire a elementelor sistemului de iluminat.<\/p>\n\n\n\n<p>Lucr\u0103rile de \u00eentre\u021binere \u0219i modernizare a sistemului de iluminat public continu\u0103 pentru asigurarea unei infrastructuri sigure \u0219i func\u021bionale \u00een municipiul Chi\u0219in\u0103u.<\/p>\n\n\n\n<p><a href=\"https:\/\/lumteh.md\/?p=10014\">Galerie foto<\/a><\/p>\n\n\n\n<p><\/p>\n","protected":false},"excerpt":{"rendered":"<p>\u00cen perioada 7\u201313 august 2026, echipele \u00ce.M. REI \u201eLumteh\u201d au desf\u0103\u0219urat lucr\u0103ri de \u00eentre\u021binere, repara\u021bie \u0219i modernizare a sistemului de iluminat public \u00een ora\u0219ul &nbsp;Chi\u0219in\u0103u \u0219i \u00een suburbii. \u00cen sectorul Botanica, au fost efectuate lucr\u0103ri de modernizare a iluminatului \u00een Parcul \u201eValea Trandafirilor\u201d, pe bd. Dacia \u0219i str. Nicolae Zelinski, precum \u0219i interven\u021bii de \u00eenlocuire [&hellip;]<\/p>\n","protected":false},"author":1,"featured_media":10015,"comment_status":"closed","ping_status":"closed","sticky":false,"template":"","format":"standard","meta":{"footnotes":""},"categories":[71],"tags":[],"class_list":["post-10027","post","type-post","status-publish","format-standard","has-post-thumbnail","hentry","category-comunicate-de-presa"],"_links":{"self":[{"href":"https:\/\/lumteh.md\/index.php?rest_route=\/wp\/v2\/posts\/10027","targetHints":{"allow":["GET"]}}],"collection":[{"href":"https:\/\/lumteh.md\/index.php?rest_route=\/wp\/v2\/posts"}],"about":[{"href":"https:\/\/lumteh.md\/index.php?rest_route=\/wp\/v2\/types\/post"}],"author":[{"embeddable":true,"href":"https:\/\/lumteh.md\/index.php?rest_route=\/wp\/v2\/users\/1"}],"replies":[{"embeddable":true,"href":"https:\/\/lumteh.md\/index.php?rest_route=%2Fwp%2Fv2%2Fcomments&post=10027"}],"version-history":[{"count":1,"href":"https:\/\/lumteh.md\/index.php?rest_route=\/wp\/v2\/posts\/10027\/revisions"}],"predecessor-version":[{"id":10028,"href":"https:\/\/lumteh.md\/index.php?rest_route=\/wp\/v2\/posts\/10027\/revisions\/10028"}],"wp:featuredmedia":[{"embeddable":true,"href":"https:\/\/lumteh.md\/index.php?rest_route=\/wp\/v2\/media\/10015"}],"wp:attachment":[{"href":"https:\/\/lumteh.md\/index.php?rest_route=%2Fwp%2Fv2%2Fmedia&parent=10027"}],"wp:term":[{"taxonomy":"category","embeddable":true,"href":"https:\/\/lumteh.md\/index.php?rest_route=%2Fwp%2Fv2%2Fcategories&post=10027"},{"taxonomy":"post_tag","embeddable":true,"href":"https:\/\/lumteh.md\/index.php?rest_route=%2Fwp%2Fv2%2Ftags&post=10027"}],"curies":[{"name":"wp","href":"https:\/\/api.w.org\/{rel}","templated":true}]}}